{"id":4194,"date":"2015-11-13T11:59:50","date_gmt":"2015-11-13T09:59:50","guid":{"rendered":"http:\/\/pamatskola.bauska.lv\/?p=4194"},"modified":"2015-11-13T12:00:10","modified_gmt":"2015-11-13T10:00:10","slug":"5-9-klasu-koris-piedalas-koncerta-savu-dziesmu-dziedu-tev","status":"publish","type":"post","link":"https:\/\/pamatskola.bauska.lv\/?p=4194","title":{"rendered":"5.-9.kla\u0161u koris piedal\u0101s koncert\u0101 \u201cSAVU DZIESMU DZIEDU TEV\u201d"},"content":{"rendered":"<p>Skaistu d\u0101vanu sev un Latvijai sv\u0113tkos sag\u0101d\u0101ja tr\u012bs skolu muzik\u0101lie kolekt\u012bvi. 12.novembra vakar\u0101 Misas kult\u016bras nam\u0101 izskan\u0113ja\u00a0 koncerts \u201cSAVU DZIESMU DZIEDU TEV\u201d. Taj\u0101 piedal\u012bj\u0101s\u00a0 Misas vidusskolas dziedo\u0161ie kolekt\u012bvi &#8211; meite\u0146u koris, z\u0113nu koris\u00a0 un 4.-7.kla\u0161u ansamblis (vad\u012bt\u0101ja Zaiga J\u0113gere),\u00a0 Bauskas Valsts \u0123imn\u0101zijas jauktais koris M\u0101r\u012btes Jonkus vad\u012bb\u0101 un Bauskas pils\u0113tas pamatskolas 5.-9.kla\u0161u koris un meite\u0146u ansamblis (vad\u012bt\u0101ja Ilze \u017dub\u0113re). Koncert\u0101 izskan\u0113ja\u00a0 I.Kalni\u0146a, R.Paula, V.Zilvera, Z.Liepi\u0146a \u00a0u.c. autoru dziesmas un tautas dziesmu apdares. \u012apa\u0161u saj\u016bsmu izrais\u012bja z\u0113nu kora atrakt\u012bvais un nians\u0113tais dzied\u0101jums. Koncertu caurvija Latvijas m\u012blest\u012bbas mot\u012bvs, ko paspilgtin\u0101ja ar\u012b izjust\u0101s dzejas rindas. Nosl\u0113gum\u0101 izskan\u0113ja kopdziesmas &#8211; M.Brauna &#8220;Saule, P\u0113rkons, Daugava\u201d un J.Ai\u0161pura \u201cKalniem p\u0101ri\u201d.\u00a0 Misas vidusskolas direktore R\u016bta K\u0101rkli\u0146a sav\u0101 uzrun\u0101 pateic\u0101s katram koncerta dal\u012bbniekam, \u012bpa\u0161i sirsn\u012bgus v\u0101rdus veltot m\u016bzikas skolot\u0101j\u0101m un diri\u0123ent\u0113m. Vi\u0146a aicin\u0101ja glab\u0101t un kopt latvisk\u0101s dzied\u0101\u0161anas trad\u012bcijas, kr\u0101t dv\u0113seles gaismu, t\u0101 stiprinot Latviju, savu dzimto vietu un m\u016bsu \u00a0kult\u016bras v\u0113rt\u012bbas. Kl\u0101teso\u0161ie ieklaus\u012bj\u0101s diri\u0123entes M\u0101r\u012bte Jonkus dom\u0101s par katra dzied\u0101t\u0101ja un katras skolas kolekt\u012bva kop\u012bgu atbild\u012bbu kora dzied\u0101\u0161anas trad\u012bciju saglab\u0101\u0161an\u0101. Diri\u0123entes vienoj\u0101s, ka n\u0101kam\u0101 koru dziesmot\u0101 tik\u0161an\u0101s notiks Bausk\u0101.<\/p>\n<p><a href=\"http:\/\/pamatskola.bauska.lv\/wp-content\/uploads\/2015\/11\/DSCF3368.jpg\" data-rel=\"lightbox-image-0\" data-rl_title=\"\" data-rl_caption=\"\" title=\"\"><img loading=\"lazy\" decoding=\"async\" class=\"alignright size-thumbnail wp-image-4200\" alt=\"DSCF3368\" src=\"http:\/\/pamatskola.bauska.lv\/wp-content\/uploads\/2015\/11\/DSCF3368-150x150.jpg\" width=\"150\" height=\"150\" \/><\/a> <a href=\"http:\/\/pamatskola.bauska.lv\/wp-content\/uploads\/2015\/11\/DSCF3360.jpg\" data-rel=\"lightbox-image-1\" data-rl_title=\"\" data-rl_caption=\"\" title=\"\"><img loading=\"lazy\" decoding=\"async\" class=\"alignright size-thumbnail wp-image-4199\" alt=\"DSCF3360\" src=\"http:\/\/pamatskola.bauska.lv\/wp-content\/uploads\/2015\/11\/DSCF3360-150x150.jpg\" width=\"150\" height=\"150\" \/><\/a> <a href=\"http:\/\/pamatskola.bauska.lv\/wp-content\/uploads\/2015\/11\/DSCF3357.jpg\" data-rel=\"lightbox-image-2\" data-rl_title=\"\" data-rl_caption=\"\" title=\"\"><img loading=\"lazy\" decoding=\"async\" class=\"alignright size-thumbnail wp-image-4198\" alt=\"DSCF3357\" src=\"http:\/\/pamatskola.bauska.lv\/wp-content\/uploads\/2015\/11\/DSCF3357-150x150.jpg\" width=\"150\" height=\"150\" \/><\/a> <a href=\"http:\/\/pamatskola.bauska.lv\/wp-content\/uploads\/2015\/11\/DSCF3355.jpg\" data-rel=\"lightbox-image-3\" data-rl_title=\"\" data-rl_caption=\"\" title=\"\"><img loading=\"lazy\" decoding=\"async\" class=\"alignright size-thumbnail wp-image-4197\" alt=\"DSCF3355\" src=\"http:\/\/pamatskola.bauska.lv\/wp-content\/uploads\/2015\/11\/DSCF3355-150x150.jpg\" width=\"150\" height=\"150\" \/><\/a> <a href=\"http:\/\/pamatskola.bauska.lv\/wp-content\/uploads\/2015\/11\/DSCF3351.jpg\" data-rel=\"lightbox-image-4\" data-rl_title=\"\" data-rl_caption=\"\" title=\"\"><img loading=\"lazy\" decoding=\"async\" class=\"alignright size-thumbnail wp-image-4196\" alt=\"DSCF3351\" src=\"http:\/\/pamatskola.bauska.lv\/wp-content\/uploads\/2015\/11\/DSCF3351-150x150.jpg\" width=\"150\" height=\"150\" \/><\/a> <a href=\"http:\/\/pamatskola.bauska.lv\/wp-content\/uploads\/2015\/11\/DSCF3344.jpg\" data-rel=\"lightbox-image-5\" data-rl_title=\"\" data-rl_caption=\"\" title=\"\"><img loading=\"lazy\" decoding=\"async\" class=\"alignright size-thumbnail wp-image-4195\" alt=\"DSCF3344\" src=\"http:\/\/pamatskola.bauska.lv\/wp-content\/uploads\/2015\/11\/DSCF3344-150x150.jpg\" width=\"150\" height=\"150\" \/><\/a><\/p>\n","protected":false},"excerpt":{"rendered":"<p>Skaistu d\u0101vanu sev un Latvijai sv\u0113tkos sag\u0101d\u0101ja tr\u012bs skolu muzik\u0101lie kolekt\u012bvi. 12.novembra vakar\u0101 Misas kult\u016bras nam\u0101 izskan\u0113ja\u00a0 koncerts \u201cSAVU DZIESMU DZIEDU TEV\u201d. Taj\u0101 piedal\u012bj\u0101s\u00a0 Misas vidusskolas dziedo\u0161ie kolekt\u012bvi &#8211; meite\u0146u koris, z\u0113nu koris\u00a0 un 4.-7.kla\u0161u ansamblis (vad\u012bt\u0101ja Zaiga J\u0113gere),\u00a0 Bauskas Valsts \u0123imn\u0101zijas jauktais koris M\u0101r\u012btes Jonkus vad\u012bb\u0101 un Bauskas pils\u0113tas pamatskolas 5.-9.kla\u0161u koris un meite\u0146u &hellip; <a href=\"https:\/\/pamatskola.bauska.lv\/?p=4194\">Uz rakstu <span class=\"meta-nav\">&rarr;<\/span><\/a><\/p>\n","protected":false},"author":1,"featured_media":0,"comment_status":"closed","ping_status":"open","sticky":false,"template":"","format":"gallery","meta":{"footnotes":""},"categories":[1],"tags":[],"_links":{"self":[{"href":"https:\/\/pamatskola.bauska.lv\/index.php?rest_route=\/wp\/v2\/posts\/4194"}],"collection":[{"href":"https:\/\/pamatskola.bauska.lv\/index.php?rest_route=\/wp\/v2\/posts"}],"about":[{"href":"https:\/\/pamatskola.bauska.lv\/index.php?rest_route=\/wp\/v2\/types\/post"}],"author":[{"embeddable":true,"href":"https:\/\/pamatskola.bauska.lv\/index.php?rest_route=\/wp\/v2\/users\/1"}],"replies":[{"embeddable":true,"href":"https:\/\/pamatskola.bauska.lv\/index.php?rest_route=%2Fwp%2Fv2%2Fcomments&post=4194"}],"version-history":[{"count":3,"href":"https:\/\/pamatskola.bauska.lv\/index.php?rest_route=\/wp\/v2\/posts\/4194\/revisions"}],"predecessor-version":[{"id":4203,"href":"https:\/\/pamatskola.bauska.lv\/index.php?rest_route=\/wp\/v2\/posts\/4194\/revisions\/4203"}],"wp:attachment":[{"href":"https:\/\/pamatskola.bauska.lv\/index.php?rest_route=%2Fwp%2Fv2%2Fmedia&parent=4194"}],"wp:term":[{"taxonomy":"category","embeddable":true,"href":"https:\/\/pamatskola.bauska.lv\/index.php?rest_route=%2Fwp%2Fv2%2Fcategories&post=4194"},{"taxonomy":"post_tag","embeddable":true,"href":"https:\/\/pamatskola.bauska.lv\/index.php?rest_route=%2Fwp%2Fv2%2Ftags&post=4194"}],"curies":[{"name":"wp","href":"https:\/\/api.w.org\/{rel}","templated":true}]}}