{"id":4848,"date":"2016-03-03T13:13:20","date_gmt":"2016-03-03T11:13:20","guid":{"rendered":"http:\/\/pamatskola.bauska.lv\/?p=4848"},"modified":"2016-03-03T13:16:19","modified_gmt":"2016-03-03T11:16:19","slug":"katra-zile-ir-ozols","status":"publish","type":"post","link":"https:\/\/pamatskola.bauska.lv\/?p=4848","title":{"rendered":"Katr\u0101 z\u012bl\u0113 ir ozols"},"content":{"rendered":"<p style=\"text-align: justify;\">Projektu dienu ietvaros ar prieku sagaid\u0101m skol\u0101 savus absolventus. 3.mart\u0101 tik\u0101mies ar Enriko Pliv\u010du. Tik\u0161an\u0101s s\u0101kum\u0101 vi\u0146\u0161 l\u016bdz jaunie\u0161us uzdot jaut\u0101jumus par uz\u0146\u0113m\u0113jdarb\u012bbu. \u201cVai katrs var b\u016bt uz\u0146\u0113m\u0113js?\u201d grib\u0113ja zin\u0101t Samanta Cielava. E.Pliv\u010ds uzsv\u0113ra, ka par uz\u0146\u0113m\u0113ju b\u016bt var katrs, bet vai to vajag? Galvenais ir dar\u012bt to, ko m\u012bli. Vi\u0146\u0161 t\u0113laini sal\u012bdzin\u0101ja cilv\u0113ka m\u016b\u017eu ar ce\u013cu no z\u012bles l\u012bdz ozolam. Katr\u0101 cilv\u0113k\u0101 ir milz\u012bgs potenci\u0101ls, kuru j\u0101prot realiz\u0113t. Viesis st\u0101st\u012bja par savu darbo\u0161anos tr\u012bs jom\u0101s. Vi\u0146a p\u0101rzi\u0146\u0101 ir izdevniec\u012bba \u201cAmeija\u201d, v\u0113l vi\u0146\u0161 nodarbojas ar kupolm\u0101ju celtniec\u012bbas organiz\u0113\u0161anu, k\u0101 ar\u012b darbojas fond\u0101 \u201cViegli\u201d kop\u0101 ar Ren\u0101ru Kauperu un citiem Latvij\u0101 zin\u0101miem cilv\u0113kiem. \u012apa\u0161i emocion\u0101li E.Pliv\u010ds st\u0101st\u012bja par jaun\u0101ko projektu, kur\u0101 iesaist\u012bjies. T\u0101 moto ir \u2013 aplido, apce\u013co, apm\u012b\u013co Latviju. \u201cSana\u0304ksim kopa\u0304 un izveidosim 1836 km garu taku apka\u0304rt Latvijai, pa kuru to apiet, aplidot un apmi\u0304l\u0327ot. Ta\u0304 bu\u0304s mu\u0304su da\u0304vana Latvijai simtgade\u0304 un visliela\u0304ka\u0304 da\u0304vana mums pa\u0161iem,\u201d teikts \u0161\u012b projekta m\u0101jas lap\u0101. Tik\u0161an\u0101s beig\u0101s viesis uzdeva skol\u0113niem m\u0101jas darbu \u2013 k\u0101 m\u0113s var\u0113tu Latviju apm\u012b\u013cot, dom\u0101jot par Latvijas simtgadi. Un otrs jaut\u0101jums, kas interes\u0113ja E.Pliv\u010du \u2013 ko jaunie\u0161i dom\u0101 par ide\u0101lu skolu. Atbildes varb\u016bt vi\u0146am pal\u012bdz\u0113tu \u012bstenot v\u0113l vienu savu ieceri \u2013 \u00a0s\u0101kt darboties izgl\u012bt\u012bbas jom\u0101. Lai Tev veicas, Enriko! <a href=\"http:\/\/pamatskola.bauska.lv\/wp-content\/uploads\/2016\/03\/1836.jpg\" data-rel=\"lightbox-image-0\" data-rl_title=\"\" data-rl_caption=\"\" title=\"\"><img loading=\"lazy\" decoding=\"async\" class=\"alignright size-thumbnail wp-image-4856\" alt=\"1836\" src=\"http:\/\/pamatskola.bauska.lv\/wp-content\/uploads\/2016\/03\/1836-150x150.jpg\" width=\"150\" height=\"150\" srcset=\"https:\/\/pamatskola.bauska.lv\/wp-content\/uploads\/2016\/03\/1836-150x150.jpg 150w, https:\/\/pamatskola.bauska.lv\/wp-content\/uploads\/2016\/03\/1836-300x300.jpg 300w, https:\/\/pamatskola.bauska.lv\/wp-content\/uploads\/2016\/03\/1836.jpg 400w\" sizes=\"(max-width: 150px) 100vw, 150px\" \/><\/a> <a href=\"http:\/\/pamatskola.bauska.lv\/wp-content\/uploads\/2016\/03\/DSCF4870.jpg\" data-rel=\"lightbox-image-1\" data-rl_title=\"\" data-rl_caption=\"\" title=\"\"><img loading=\"lazy\" decoding=\"async\" class=\"alignright size-thumbnail wp-image-4857\" alt=\"DSCF4870\" src=\"http:\/\/pamatskola.bauska.lv\/wp-content\/uploads\/2016\/03\/DSCF4870-150x150.jpg\" width=\"150\" height=\"150\" \/><\/a> <a href=\"http:\/\/pamatskola.bauska.lv\/wp-content\/uploads\/2016\/03\/DSCF4874.jpg\" data-rel=\"lightbox-image-2\" data-rl_title=\"\" data-rl_caption=\"\" title=\"\"><img loading=\"lazy\" decoding=\"async\" class=\"alignright size-thumbnail wp-image-4858\" alt=\"DSCF4874\" src=\"http:\/\/pamatskola.bauska.lv\/wp-content\/uploads\/2016\/03\/DSCF4874-150x150.jpg\" width=\"150\" height=\"150\" \/><\/a><\/p>\n","protected":false},"excerpt":{"rendered":"<p>Projektu dienu ietvaros ar prieku sagaid\u0101m skol\u0101 savus absolventus. 3.mart\u0101 tik\u0101mies ar Enriko Pliv\u010du. Tik\u0161an\u0101s s\u0101kum\u0101 vi\u0146\u0161 l\u016bdz jaunie\u0161us uzdot jaut\u0101jumus par uz\u0146\u0113m\u0113jdarb\u012bbu. \u201cVai katrs var b\u016bt uz\u0146\u0113m\u0113js?\u201d grib\u0113ja zin\u0101t Samanta Cielava. E.Pliv\u010ds uzsv\u0113ra, ka par uz\u0146\u0113m\u0113ju b\u016bt var katrs, bet vai to vajag? Galvenais ir dar\u012bt to, ko m\u012bli. Vi\u0146\u0161 t\u0113laini sal\u012bdzin\u0101ja cilv\u0113ka m\u016b\u017eu &hellip; <a href=\"https:\/\/pamatskola.bauska.lv\/?p=4848\">Uz rakstu <span class=\"meta-nav\">&rarr;<\/span><\/a><\/p>\n","protected":false},"author":1,"featured_media":0,"comment_status":"closed","ping_status":"open","sticky":false,"template":"","format":"gallery","meta":{"footnotes":""},"categories":[1],"tags":[],"_links":{"self":[{"href":"https:\/\/pamatskola.bauska.lv\/index.php?rest_route=\/wp\/v2\/posts\/4848"}],"collection":[{"href":"https:\/\/pamatskola.bauska.lv\/index.php?rest_route=\/wp\/v2\/posts"}],"about":[{"href":"https:\/\/pamatskola.bauska.lv\/index.php?rest_route=\/wp\/v2\/types\/post"}],"author":[{"embeddable":true,"href":"https:\/\/pamatskola.bauska.lv\/index.php?rest_route=\/wp\/v2\/users\/1"}],"replies":[{"embeddable":true,"href":"https:\/\/pamatskola.bauska.lv\/index.php?rest_route=%2Fwp%2Fv2%2Fcomments&post=4848"}],"version-history":[{"count":5,"href":"https:\/\/pamatskola.bauska.lv\/index.php?rest_route=\/wp\/v2\/posts\/4848\/revisions"}],"predecessor-version":[{"id":4859,"href":"https:\/\/pamatskola.bauska.lv\/index.php?rest_route=\/wp\/v2\/posts\/4848\/revisions\/4859"}],"wp:attachment":[{"href":"https:\/\/pamatskola.bauska.lv\/index.php?rest_route=%2Fwp%2Fv2%2Fmedia&parent=4848"}],"wp:term":[{"taxonomy":"category","embeddable":true,"href":"https:\/\/pamatskola.bauska.lv\/index.php?rest_route=%2Fwp%2Fv2%2Fcategories&post=4848"},{"taxonomy":"post_tag","embeddable":true,"href":"https:\/\/pamatskola.bauska.lv\/index.php?rest_route=%2Fwp%2Fv2%2Ftags&post=4848"}],"curies":[{"name":"wp","href":"https:\/\/api.w.org\/{rel}","templated":true}]}}