{"id":5590,"date":"2016-10-20T12:23:41","date_gmt":"2016-10-20T09:23:41","guid":{"rendered":"http:\/\/pamatskola.bauska.lv\/?p=5590"},"modified":"2016-10-20T12:26:06","modified_gmt":"2016-10-20T09:26:06","slug":"piedalas-a-brigaderei-veltita-pasakuma","status":"publish","type":"post","link":"https:\/\/pamatskola.bauska.lv\/?p=5590","title":{"rendered":"Piedal\u0101s A.Brigaderei velt\u012bt\u0101 pas\u0101kum\u0101"},"content":{"rendered":"<p style=\"text-align: justify;\">19.oktobr\u012b Kult\u016bras centr\u0101 notika Annas Brigaderes 155.dzim\u0161anas dienai velt\u012bts pas\u0101kums. To r\u012bkoja Bauskas Centr\u0101l\u0101 bibliot\u0113ka un Bauskas Valsts \u0123imn\u0101zijas skolot\u0101ja Vija Cerusa. 5.a klases skol\u0113ni kop\u0101 ar skolot\u0101ju I.Briedi bija sagatavoju\u0161i A.Brigaderes dzejas kompoz\u012bciju. Piektklasnieki ar interesi noklaus\u012bj\u0101s skolot\u0101jas V.Cerusas st\u0101st\u012bjum\u0101, k\u0101 ar\u012b noskat\u012bj\u0101s citu skolu priek\u0161nesumus. Vair\u0101k par \u0161o pas\u0101kumu lasi \u00a0<a title=\"Annas Brigaderes darbu varo\u0146i piepilda Bauskas kult\u016bras centru \" href=\"http:\/\/bauskasdzive.diena.lv\/vietejas-zinas\/annas-brigaderes-darbu-varoni-piepilda-bauskas-kulturas-centru-158371\">http:\/\/bauskasdzive.diena.lv\/vietejas-zinas\/annas-brigaderes-darbu-varoni-piepilda-bauskas-kulturas-centru-158371<\/a><\/p>\n","protected":false},"excerpt":{"rendered":"<p>19.oktobr\u012b Kult\u016bras centr\u0101 notika Annas Brigaderes 155.dzim\u0161anas dienai velt\u012bts pas\u0101kums. To r\u012bkoja Bauskas Centr\u0101l\u0101 bibliot\u0113ka un Bauskas Valsts \u0123imn\u0101zijas skolot\u0101ja Vija Cerusa. 5.a klases skol\u0113ni kop\u0101 ar skolot\u0101ju I.Briedi bija sagatavoju\u0161i A.Brigaderes dzejas kompoz\u012bciju. Piektklasnieki ar interesi noklaus\u012bj\u0101s skolot\u0101jas V.Cerusas st\u0101st\u012bjum\u0101, k\u0101 ar\u012b noskat\u012bj\u0101s citu skolu priek\u0161nesumus. Vair\u0101k par \u0161o pas\u0101kumu lasi \u00a0http:\/\/bauskasdzive.diena.lv\/vietejas-zinas\/annas-brigaderes-darbu-varoni-piepilda-bauskas-kulturas-centru-158371<\/p>\n","protected":false},"author":1,"featured_media":0,"comment_status":"closed","ping_status":"open","sticky":false,"template":"","format":"gallery","meta":{"footnotes":""},"categories":[1],"tags":[],"_links":{"self":[{"href":"https:\/\/pamatskola.bauska.lv\/index.php?rest_route=\/wp\/v2\/posts\/5590"}],"collection":[{"href":"https:\/\/pamatskola.bauska.lv\/index.php?rest_route=\/wp\/v2\/posts"}],"about":[{"href":"https:\/\/pamatskola.bauska.lv\/index.php?rest_route=\/wp\/v2\/types\/post"}],"author":[{"embeddable":true,"href":"https:\/\/pamatskola.bauska.lv\/index.php?rest_route=\/wp\/v2\/users\/1"}],"replies":[{"embeddable":true,"href":"https:\/\/pamatskola.bauska.lv\/index.php?rest_route=%2Fwp%2Fv2%2Fcomments&post=5590"}],"version-history":[{"count":2,"href":"https:\/\/pamatskola.bauska.lv\/index.php?rest_route=\/wp\/v2\/posts\/5590\/revisions"}],"predecessor-version":[{"id":5592,"href":"https:\/\/pamatskola.bauska.lv\/index.php?rest_route=\/wp\/v2\/posts\/5590\/revisions\/5592"}],"wp:attachment":[{"href":"https:\/\/pamatskola.bauska.lv\/index.php?rest_route=%2Fwp%2Fv2%2Fmedia&parent=5590"}],"wp:term":[{"taxonomy":"category","embeddable":true,"href":"https:\/\/pamatskola.bauska.lv\/index.php?rest_route=%2Fwp%2Fv2%2Fcategories&post=5590"},{"taxonomy":"post_tag","embeddable":true,"href":"https:\/\/pamatskola.bauska.lv\/index.php?rest_route=%2Fwp%2Fv2%2Ftags&post=5590"}],"curies":[{"name":"wp","href":"https:\/\/api.w.org\/{rel}","templated":true}]}}