{"id":6464,"date":"2017-04-27T15:10:11","date_gmt":"2017-04-27T12:10:11","guid":{"rendered":"http:\/\/pamatskola.bauska.lv\/?p=6464"},"modified":"2017-04-27T15:10:11","modified_gmt":"2017-04-27T12:10:11","slug":"alise-krisone-nak-atpakal-uz-skolu","status":"publish","type":"post","link":"https:\/\/pamatskola.bauska.lv\/?p=6464","title":{"rendered":"Alise Krisone n\u0101k &#8220;Atpaka\u013c uz skolu&#8221;"},"content":{"rendered":"<p>Akcija &#8220;Atpaka\u013c uz skolu 2017&#8221; norisin\u0101s no 20.marta l\u012bdz 12.maijam. T\u0101s laik\u0101 ES instit\u016bciju darbinieki, valsts amatpersonas, NVO p\u0101rst\u0101vji un citi Eiropas lietu eksperti dodas uz Latvijas skol\u0101m, lai ar jaunie\u0161iem dal\u012btos sav\u0101 darba pieredz\u0113 un zin\u0101\u0161an\u0101s par Eiropas Savien\u012bbu. 27.apr\u012bl\u012b pie mums viesoj\u0101s m\u016bsu skolas absolvente Alise Krisone. Vi\u0146as darba vieta ir LR Finan\u0161u ministrija, vi\u0146a ir ES fondu ievie\u0161anas un vad\u012bbas noda\u013cas referente. Alise tik\u0101s ar 7. un 8.kla\u0161u skol\u0113niem. \u012apa\u0161i 8.klases skol\u0113nos p\u0101rsteigumu rais\u012bja tas, ka Alise\u00a0izgl\u012bt\u012bbas ce\u013c\u0161 no pamatskolas vedis uz Saulaines profesion\u0101lo vidussskolu, p\u0113c tam uz R\u012bgas Tehnisko universit\u0101ti. Ar\u012b \u0161obr\u012bd Alise stud\u0113- \u0161oreiz Latvijas Universit\u0101t\u0113. \u00a0Vi\u0146a st\u0101st\u012bja par Eiropas Savien\u012bbu, t\u0101s instit\u016bcij\u0101m, probl\u0113m\u0101m, jaunie\u0161u iesp\u0113j\u0101m, izmantojot da\u017e\u0101dus projektus ES ietvaros. Alise mudin\u0101ja jaunie\u0161us un pedagogus k\u0101rtot Eiropas eks\u0101menu 9.maij\u0101, lai p\u0101rbaud\u012btu savas zin\u0101\u0161anas un ieg\u016btu ar\u012b v\u0113rt\u012bgas balvas. Savas uzst\u0101\u0161an\u0101s nobeigum\u0101 Alise l\u016bdza jaunie\u0161us atbild\u0113t uz viktor\u012bnas jaut\u0101jumiem, dodot iesp\u0113ju tikt pie balvi\u0146\u0101m &#8211; bloci\u0146a un latviska rokas aps\u0113ja. Tik\u0161an\u0101s skol\u0113nus rosin\u0101ja p\u0101rdom\u0101t un izv\u0113rt\u0113t savas iesp\u0113jas, apsv\u0113rt turpm\u0101k\u0101s izgl\u012bto\u0161an\u0101s variantus. Par piemi\u0146u no skolas, kur\u0101 k\u0101dreiz m\u0101c\u012bjusies, Alise sa\u0146\u0113ma da\u017eus suven\u012brus un atkalredz\u0113\u0161an\u0101s\u00a0prieku ar pedagogiem. V\u0113lam Alisei tikpat veiksm\u012bgu turpm\u0101ko karjeru!<\/p>\n<p><a href=\"http:\/\/pamatskola.bauska.lv\/wp-content\/uploads\/2017\/04\/DSCF8489.jpg\" data-rel=\"lightbox-image-0\" data-rl_title=\"\" data-rl_caption=\"\" title=\"\"><img loading=\"lazy\" decoding=\"async\" class=\"alignright size-thumbnail wp-image-6467\" src=\"http:\/\/pamatskola.bauska.lv\/wp-content\/uploads\/2017\/04\/DSCF8489-150x150.jpg\" alt=\"\" width=\"150\" height=\"150\" \/><\/a><a href=\"http:\/\/pamatskola.bauska.lv\/wp-content\/uploads\/2017\/04\/DSCF8467.jpg\" data-rel=\"lightbox-image-1\" data-rl_title=\"\" data-rl_caption=\"\" title=\"\"><img loading=\"lazy\" decoding=\"async\" class=\"alignright size-thumbnail wp-image-6468\" src=\"http:\/\/pamatskola.bauska.lv\/wp-content\/uploads\/2017\/04\/DSCF8467-150x150.jpg\" alt=\"\" width=\"150\" height=\"150\" \/><\/a> <a href=\"http:\/\/pamatskola.bauska.lv\/wp-content\/uploads\/2017\/04\/DSCF8483.jpg\" data-rel=\"lightbox-image-2\" data-rl_title=\"\" data-rl_caption=\"\" title=\"\"><img loading=\"lazy\" decoding=\"async\" class=\"alignright size-thumbnail wp-image-6469\" src=\"http:\/\/pamatskola.bauska.lv\/wp-content\/uploads\/2017\/04\/DSCF8483-150x150.jpg\" alt=\"\" width=\"150\" height=\"150\" \/><\/a> <a href=\"http:\/\/pamatskola.bauska.lv\/wp-content\/uploads\/2017\/04\/DSCF8484.jpg\" data-rel=\"lightbox-image-3\" data-rl_title=\"\" data-rl_caption=\"\" title=\"\"><img loading=\"lazy\" decoding=\"async\" class=\"alignright size-thumbnail wp-image-6470\" src=\"http:\/\/pamatskola.bauska.lv\/wp-content\/uploads\/2017\/04\/DSCF8484-150x150.jpg\" alt=\"\" width=\"150\" height=\"150\" \/><\/a><\/p>\n<p style=\"text-align: right;\">\n","protected":false},"excerpt":{"rendered":"<p>Akcija &#8220;Atpaka\u013c uz skolu 2017&#8221; norisin\u0101s no 20.marta l\u012bdz 12.maijam. T\u0101s laik\u0101 ES instit\u016bciju darbinieki, valsts amatpersonas, NVO p\u0101rst\u0101vji un citi Eiropas lietu eksperti dodas uz Latvijas skol\u0101m, lai ar jaunie\u0161iem dal\u012btos sav\u0101 darba pieredz\u0113 un zin\u0101\u0161an\u0101s par Eiropas Savien\u012bbu. 27.apr\u012bl\u012b pie mums viesoj\u0101s m\u016bsu skolas absolvente Alise Krisone. Vi\u0146as darba vieta ir LR Finan\u0161u &hellip; <a href=\"https:\/\/pamatskola.bauska.lv\/?p=6464\">Uz rakstu <span class=\"meta-nav\">&rarr;<\/span><\/a><\/p>\n","protected":false},"author":1,"featured_media":0,"comment_status":"closed","ping_status":"open","sticky":false,"template":"","format":"gallery","meta":{"footnotes":""},"categories":[1],"tags":[],"_links":{"self":[{"href":"https:\/\/pamatskola.bauska.lv\/index.php?rest_route=\/wp\/v2\/posts\/6464"}],"collection":[{"href":"https:\/\/pamatskola.bauska.lv\/index.php?rest_route=\/wp\/v2\/posts"}],"about":[{"href":"https:\/\/pamatskola.bauska.lv\/index.php?rest_route=\/wp\/v2\/types\/post"}],"author":[{"embeddable":true,"href":"https:\/\/pamatskola.bauska.lv\/index.php?rest_route=\/wp\/v2\/users\/1"}],"replies":[{"embeddable":true,"href":"https:\/\/pamatskola.bauska.lv\/index.php?rest_route=%2Fwp%2Fv2%2Fcomments&post=6464"}],"version-history":[{"count":1,"href":"https:\/\/pamatskola.bauska.lv\/index.php?rest_route=\/wp\/v2\/posts\/6464\/revisions"}],"predecessor-version":[{"id":6471,"href":"https:\/\/pamatskola.bauska.lv\/index.php?rest_route=\/wp\/v2\/posts\/6464\/revisions\/6471"}],"wp:attachment":[{"href":"https:\/\/pamatskola.bauska.lv\/index.php?rest_route=%2Fwp%2Fv2%2Fmedia&parent=6464"}],"wp:term":[{"taxonomy":"category","embeddable":true,"href":"https:\/\/pamatskola.bauska.lv\/index.php?rest_route=%2Fwp%2Fv2%2Fcategories&post=6464"},{"taxonomy":"post_tag","embeddable":true,"href":"https:\/\/pamatskola.bauska.lv\/index.php?rest_route=%2Fwp%2Fv2%2Ftags&post=6464"}],"curies":[{"name":"wp","href":"https:\/\/api.w.org\/{rel}","templated":true}]}}